{"id":917,"date":"2022-11-12T20:38:59","date_gmt":"2022-11-12T20:38:59","guid":{"rendered":"https:\/\/pierre-bouvier.com\/?p=917"},"modified":"2022-11-13T09:37:58","modified_gmt":"2022-11-13T09:37:58","slug":"macrophotographie","status":"publish","type":"post","link":"https:\/\/pierre-bouvier.com\/?p=917","title":{"rendered":"Macrophotographie"},"content":{"rendered":"<figure class=\"wp-block-image size-large\"><img loading=\"lazy\" decoding=\"async\" width=\"1024\" height=\"683\" src=\"https:\/\/pierre-bouvier.com\/wp-content\/uploads\/2022\/11\/Cosmos-en-folie-IMG_0639-m-1024x683.jpg\" alt=\"\" class=\"wp-image-918\" srcset=\"https:\/\/pierre-bouvier.com\/wp-content\/uploads\/2022\/11\/Cosmos-en-folie-IMG_0639-m-1024x683.jpg 1024w, https:\/\/pierre-bouvier.com\/wp-content\/uploads\/2022\/11\/Cosmos-en-folie-IMG_0639-m-300x200.jpg 300w, https:\/\/pierre-bouvier.com\/wp-content\/uploads\/2022\/11\/Cosmos-en-folie-IMG_0639-m-768x512.jpg 768w, https:\/\/pierre-bouvier.com\/wp-content\/uploads\/2022\/11\/Cosmos-en-folie-IMG_0639-m-1536x1024.jpg 1536w, https:\/\/pierre-bouvier.com\/wp-content\/uploads\/2022\/11\/Cosmos-en-folie-IMG_0639-m-2048x1365.jpg 2048w\" sizes=\"auto, (max-width: 1024px) 100vw, 1024px\" \/><figcaption class=\"wp-element-caption\">Cosmos en Folie<\/figcaption><\/figure>\n<p>La complexit\u00e9 linguistique de l\u2019initi\u00e9 \u00e0 la photographie, n\u2019ayant d\u2019\u00e9quivalent que la confusion dans laquelle il plonge son interlocuteur ou son lecteur profane, il peut para\u00eetre opportun d\u2019envisager les choses diff\u00e9remment.<\/p>\n<figure class=\"wp-block-image size-large\"><img loading=\"lazy\" decoding=\"async\" width=\"1024\" height=\"683\" src=\"https:\/\/pierre-bouvier.com\/wp-content\/uploads\/2022\/11\/Cosmos-dansant-IMG_1185-blog-1-1024x683.jpg\" alt=\"\" class=\"wp-image-919\" srcset=\"https:\/\/pierre-bouvier.com\/wp-content\/uploads\/2022\/11\/Cosmos-dansant-IMG_1185-blog-1-1024x683.jpg 1024w, https:\/\/pierre-bouvier.com\/wp-content\/uploads\/2022\/11\/Cosmos-dansant-IMG_1185-blog-1-300x200.jpg 300w, https:\/\/pierre-bouvier.com\/wp-content\/uploads\/2022\/11\/Cosmos-dansant-IMG_1185-blog-1-768x512.jpg 768w, https:\/\/pierre-bouvier.com\/wp-content\/uploads\/2022\/11\/Cosmos-dansant-IMG_1185-blog-1-1536x1024.jpg 1536w, https:\/\/pierre-bouvier.com\/wp-content\/uploads\/2022\/11\/Cosmos-dansant-IMG_1185-blog-1-2048x1365.jpg 2048w\" sizes=\"auto, (max-width: 1024px) 100vw, 1024px\" \/><figcaption class=\"wp-element-caption\">Cosmos Dansant<\/figcaption><\/figure>\n<h2 class=\"wp-block-heading\">Comment photographier les fleurs.<\/h2>\n<p>L\u2019op\u00e9rateur doit savoir qu\u2019il va appr\u00e9hender un monde qu\u2019il n\u2019imagine pas vraiment. Un macro cosmos de formes, de couleurs et d\u2019impressions. Il doit apprendre \u00e0 canaliser son enthousiasme face \u00e0 ce monde magique qui s\u2019offre soudain \u00e0 lui dans l\u2019oculaire de l\u2019appareil photographique.<\/p>\n<p>Les fleurs sont coquines et rebelles. Il faut tout d\u2019abord leur parler, les apprivoiser ; c\u2019est essentiel. Il faudra parfois tenter de les hypnotiser, car les fleurs ont une f\u00e2cheuse tendance \u00e0 se laisser bercer par le vent.<\/p>\n<p>Ne vous laissez pas impressionner par leurs changements de couleurs. Cela n\u2019a rien \u00e0 voir avec leur humeur, mais avec leur d\u00e9sir de plaire. L\u2019op\u00e9rateur doit \u00eatre patient, trouver le juste cadre, la composition \u00e9quilibr\u00e9e, puis r\u00e9gler ses param\u00e8tres en fonction de ses desseins, de la lumi\u00e8re et de son sujet. Il choisira au pr\u00e9alable son ouverture qui conditionnera son avant et son arri\u00e8re plan, primordiaux en macrophotographie. Tout en sachant que dans une telle proximit\u00e9 avec son sujet et son environnement, la lumi\u00e8re se rar\u00e9fie grandement. D\u2019autant que l\u2019on privil\u00e9giera les petites ouvertures pour une plus grande profondeur de champ. Puis il choisira la dur\u00e9e d\u2019exposition qui s\u2019harmoniera avec le choix de l\u2019ouverture du diaphragme. Les particules de lumi\u00e8re envoy\u00e9es par les fleurs peuvent \u00eatre aussi douces que brutales et tout aussi changeantes. Les atomes de petits photons r\u00e9agissent mal aux expositions prolong\u00e9es. Les fleurs jouent les stars et n\u2019appr\u00e9cient pas de poser trop longuement. L\u2019ensemble de la photo peut \u00eatre facilement surexpos\u00e9 et sans saveur, voir sombre ou inversement compl\u00e8tement br\u00fbl\u00e9e. Il faut savoir op\u00e9rer un dosage savant entre lumi\u00e8re diffuse, haute lumi\u00e8re et basse lumi\u00e8re.<\/p>\n<p>Le photographe se passera le plus possible d\u2019un pied encombrant. Il fera confiance aux raffinements sophistiqu\u00e9s de ses optiques (enfin, certaines) qui compensent les gigotements ou boug\u00e9s intempestifs et donnent toute latitude \u00e0 l\u2019op\u00e9rateur pour tourner, s\u2019approcher, caresser son sujet et soigner sa composition. Pour plus de s\u00fbret\u00e9, il devra aussi essayer de retenir sa respiration au moment du d\u00e9clenchement. Avec l\u2019habitude, il le fera presque inconsciemment, sans s\u2019\u00e9touffer.<\/p>\n<p>L\u2019op\u00e9rateur peaufinera une derni\u00e8re fois son cadre en v\u00e9rifiant qu\u2019il ne modifie en rien ses param\u00e8tres d\u2019exposition. En macrophotographie, un mouvement de quelques millim\u00e8tres peut tout chambouler. Enfin, il d\u00e9clenchera et aura assur\u00e9ment une fantastiquissime photographie, si il a su saisir l\u2019esprit du mod\u00e8le ou en tout cas du moment.<\/p>\n<figure class=\"wp-block-image size-large\"><img loading=\"lazy\" decoding=\"async\" width=\"1024\" height=\"683\" src=\"https:\/\/pierre-bouvier.com\/wp-content\/uploads\/2022\/11\/Cosmos-Rose-IMG_6110-1024x683.jpg\" alt=\"\" class=\"wp-image-920\" srcset=\"https:\/\/pierre-bouvier.com\/wp-content\/uploads\/2022\/11\/Cosmos-Rose-IMG_6110-1024x683.jpg 1024w, https:\/\/pierre-bouvier.com\/wp-content\/uploads\/2022\/11\/Cosmos-Rose-IMG_6110-300x200.jpg 300w, https:\/\/pierre-bouvier.com\/wp-content\/uploads\/2022\/11\/Cosmos-Rose-IMG_6110-768x512.jpg 768w, https:\/\/pierre-bouvier.com\/wp-content\/uploads\/2022\/11\/Cosmos-Rose-IMG_6110-1536x1024.jpg 1536w, https:\/\/pierre-bouvier.com\/wp-content\/uploads\/2022\/11\/Cosmos-Rose-IMG_6110-2048x1365.jpg 2048w\" sizes=\"auto, (max-width: 1024px) 100vw, 1024px\" \/><figcaption class=\"wp-element-caption\">Cosmos Rose<\/figcaption><\/figure>\n","protected":false},"excerpt":{"rendered":"<p>La complexit\u00e9 linguistique de l\u2019initi\u00e9 \u00e0 la photographie, n\u2019ayant d\u2019\u00e9quivalent que la confusion dans laquelle il plonge son interlocuteur ou son lecteur profane, il peut para\u00eetre opportun d\u2019envisager les choses diff\u00e9remment. Comment photographier les fleurs. L\u2019op\u00e9rateur doit savoir qu\u2019il va appr\u00e9hender un monde qu\u2019il n\u2019imagine pas vraiment. Un macro cosmos de formes, de couleurs et [&hellip;]<\/p>\n","protected":false},"author":1,"featured_media":0,"comment_status":"open","ping_status":"open","sticky":false,"template":"","format":"standard","meta":{"footnotes":""},"categories":[1],"tags":[],"class_list":["post-917","post","type-post","status-publish","format-standard","hentry","category-uncategorized"],"_links":{"self":[{"href":"https:\/\/pierre-bouvier.com\/index.php?rest_route=\/wp\/v2\/posts\/917","targetHints":{"allow":["GET"]}}],"collection":[{"href":"https:\/\/pierre-bouvier.com\/index.php?rest_route=\/wp\/v2\/posts"}],"about":[{"href":"https:\/\/pierre-bouvier.com\/index.php?rest_route=\/wp\/v2\/types\/post"}],"author":[{"embeddable":true,"href":"https:\/\/pierre-bouvier.com\/index.php?rest_route=\/wp\/v2\/users\/1"}],"replies":[{"embeddable":true,"href":"https:\/\/pierre-bouvier.com\/index.php?rest_route=%2Fwp%2Fv2%2Fcomments&post=917"}],"version-history":[{"count":5,"href":"https:\/\/pierre-bouvier.com\/index.php?rest_route=\/wp\/v2\/posts\/917\/revisions"}],"predecessor-version":[{"id":929,"href":"https:\/\/pierre-bouvier.com\/index.php?rest_route=\/wp\/v2\/posts\/917\/revisions\/929"}],"wp:attachment":[{"href":"https:\/\/pierre-bouvier.com\/index.php?rest_route=%2Fwp%2Fv2%2Fmedia&parent=917"}],"wp:term":[{"taxonomy":"category","embeddable":true,"href":"https:\/\/pierre-bouvier.com\/index.php?rest_route=%2Fwp%2Fv2%2Fcategories&post=917"},{"taxonomy":"post_tag","embeddable":true,"href":"https:\/\/pierre-bouvier.com\/index.php?rest_route=%2Fwp%2Fv2%2Ftags&post=917"}],"curies":[{"name":"wp","href":"https:\/\/api.w.org\/{rel}","templated":true}]}}